{"id":5900,"date":"2025-08-21T16:14:24","date_gmt":"2025-08-21T22:14:24","guid":{"rendered":"https:\/\/www.csc-sask.ca\/?p=5900"},"modified":"2025-08-21T16:14:25","modified_gmt":"2025-08-21T22:14:25","slug":"resume-hebdomadaire-21-au-27-mai","status":"publish","type":"post","link":"https:\/\/www.csc-sask.sasksport.ca\/fr\/resume-hebdomadaire-21-au-27-mai\/","title":{"rendered":"R\u00e9sum\u00e9 hebdomadaire \u2013 21 au 27\u00a0mai"},"content":{"rendered":"\n<p class=\"wp-block-paragraph\"><strong>Quatre plongeurs de la Saskatchewan aux championnats nationaux<\/strong><\/p>\n\n\n\n<p class=\"wp-block-paragraph\">Quatre plongeurs de la Saskatchewan ont pris part, du 23 au 25&nbsp;mai, aux Championnats nationaux d\u2019\u00e9t\u00e9&nbsp;2025, tenus \u00e0 Saskatoon.<\/p>\n\n\n\n<p class=\"wp-block-paragraph\">Margo Erlam, qui s\u2019entra\u00eene \u00e0 Saskatoon, est mont\u00e9e sur la plus haute marche du podium apr\u00e8s avoir domin\u00e9 la finale du tremplin de 3&nbsp;m\u00e8tres avec un pointage de 336,70. Ce r\u00e9sultat lui a valu une place au sein de l\u2019\u00e9quipe canadienne pour les Championnats du monde, qui auront lieu \u00e0 Singapour en juillet prochain.<\/p>\n\n\n\n<p class=\"wp-block-paragraph\">Lila Stewart, de Regina, a termin\u00e9 neuvi\u00e8me lors des qualifications au tremplin de 3&nbsp;m f\u00e9minin avec un total de 245,70&nbsp;points, sans se qualifier pour la finale.<\/p>\n\n\n\n<p class=\"wp-block-paragraph\">Par ailleurs, Rylan Wiens, de Pike Lake, a pris le troisi\u00e8me rang \u00e0 l\u2019\u00e9preuve de qualification de la plateforme ouverte masculine avec 409,24&nbsp;points, tandis que Kash Tarasoff, de Saskatoon, a fini quatri\u00e8me avec 403,70&nbsp;points.<\/p>\n\n\n\n<p class=\"wp-block-paragraph\"><strong>Schenn et \u00c9quipe&nbsp;Canada concluent leur parcours au Championnat mondial&nbsp;2025 de l\u2019IIHF<\/strong><\/p>\n\n\n\n<p class=\"wp-block-paragraph\">\u00c9quipe&nbsp;Canada et Brayden Schenn, de Saskatoon, ont conclu leur parcours au Championnat mondial&nbsp;2025 de l\u2019IIHF disput\u00e9 \u00e0 Stockholm (Su\u00e8de) et \u00e0 Herning (Danemark).<\/p>\n\n\n\n<p class=\"wp-block-paragraph\">Lors de matchs cons\u00e9cutifs contre les pays h\u00f4tes, le Canada a vaincu la Su\u00e8de&nbsp;5-3 avant de s\u2019incliner 2-1 face au Danemark en quart de finale.<\/p>\n\n\n\n<p class=\"wp-block-paragraph\">Tous les r\u00e9sultats se trouvent sur <a href=\"https:\/\/www.iihf.com\/en\/events\/2025\/wm\/schedule\">IIHF.com<\/a><\/p>\n\n\n\n<p class=\"wp-block-paragraph\"><strong>Pletz s\u00e9lectionn\u00e9 dans l\u2019\u00e9quipe nationale de d\u00e9veloppement<\/strong><\/p>\n\n\n\n<p class=\"wp-block-paragraph\">Biathlon Canada a annonc\u00e9 l\u2019int\u00e9gration de Logan Pletz, de Regina, \u00e0 la formation de l\u2019\u00e9quipe nationale de d\u00e9veloppement pour la saison&nbsp;2025-2026.&nbsp;<\/p>\n\n\n\n<p class=\"wp-block-paragraph\">L\u2019\u00e9quipe nationale de d\u00e9veloppement collaborera avec l\u2019\u00e9quipe nationale senior afin de hausser le niveau de performance des deux formations.<\/p>\n\n\n\n<p class=\"wp-block-paragraph\"><strong>Schoenhofen rejoint \u00c9quipe&nbsp;Canada<\/strong><\/p>\n\n\n\n<p class=\"wp-block-paragraph\">Lauren Schoenhofen, originaire de Regina, a \u00e9t\u00e9 nomm\u00e9e au sein de l\u2019\u00e9quipe nationale junior par Ringuette Canada.<\/p>\n\n\n\n<p class=\"wp-block-paragraph\">Elle fera partie d\u2019un groupe de 20&nbsp;athl\u00e8tes qui repr\u00e9senteront le Canada au Championnat du monde de ringuette&nbsp;2025, qui se tiendra du 3 au 9&nbsp;novembre \u00e0 Lahti, en Finlande.<\/p>\n\n\n\n<p class=\"wp-block-paragraph\">De plus, Donnell Schoenhofen, \u00e9galement de Regina, accompagnera l\u2019\u00e9quipe canadienne \u00e0 titre d\u2019entra\u00eeneuse adjointe.<\/p>\n\n\n\n<p class=\"wp-block-paragraph\"><strong>Trois joueurs de basketball en fauteuil roulant de la Saskatchewan au camp d\u2019entra\u00eenement de l\u2019\u00e9quipe nationale<\/strong><\/p>\n\n\n\n<p class=\"wp-block-paragraph\">Trois joueurs de basketball en fauteuil roulant de la Saskatchewan participeront au camp d\u2019entra\u00eenement de l\u2019\u00e9quipe nationale, du 26 au 29&nbsp;mai \u00e0 Oshawa, en Ontario.<\/p>\n\n\n\n<p class=\"wp-block-paragraph\">Garrett Ostepchuk (Regina), Kyrell Sopotyk (Aberdeen) et Branden Troutman (Lloydminster) se joindront \u00e0 31&nbsp;autres athl\u00e8tes lors de ce camp de quatre jours, qui mettra l\u2019accent sur l\u2019entra\u00eenement visant \u00e0 assurer des places r\u00e9guli\u00e8res sur le podium lors des comp\u00e9titions internationales.<\/p>\n","protected":false},"excerpt":{"rendered":"<p>Quatre plongeurs de la Saskatchewan aux championnats nationaux Quatre plongeurs de la Saskatchewan ont pris part, du 23 au 25&nbsp;mai, aux Championnats nationaux d\u2019\u00e9t\u00e9&nbsp;2025, tenus \u00e0 Saskatoon. Margo Erlam, qui s\u2019entra\u00eene \u00e0 Saskatoon, est mont\u00e9e sur la plus haute marche du podium apr\u00e8s avoir domin\u00e9 la finale du tremplin de 3&nbsp;m\u00e8tres avec un pointage de [&hellip;]<\/p>\n","protected":false},"author":9,"featured_media":5723,"comment_status":"closed","ping_status":"open","sticky":false,"template":"","format":"standard","meta":{"_acf_changed":false,"footnotes":""},"categories":[516],"tags":[],"class_list":["post-5900","post","type-post","status-publish","format-standard","has-post-thumbnail","hentry","category-resume-hebdomadaire"],"acf":[],"yoast_head":"<!-- This site is optimized with the Yoast SEO plugin v28.4 - https:\/\/yoast.com\/product\/yoast-seo-wordpress\/ -->\n<title>R\u00e9sum\u00e9 hebdomadaire \u2013 21 au 27\u00a0mai - Canadian Sport Centre Saskatchewan<\/title>\n<meta name=\"robots\" content=\"index, follow, max-snippet:-1, max-image-preview:large, max-video-preview:-1\" \/>\n<link rel=\"canonical\" href=\"https:\/\/www.csc-sask.ca\/weekly-roundup-may-21-27\/\" \/>\n<meta property=\"og:locale\" content=\"fr_FR\" \/>\n<meta property=\"og:type\" content=\"article\" \/>\n<meta property=\"og:title\" content=\"R\u00e9sum\u00e9 hebdomadaire \u2013 21 au 27\u00a0mai - Canadian Sport Centre Saskatchewan\" \/>\n<meta property=\"og:description\" content=\"Quatre plongeurs de la Saskatchewan aux championnats nationaux Quatre plongeurs de la Saskatchewan ont pris part, du 23 au 25&nbsp;mai, aux Championnats nationaux d\u2019\u00e9t\u00e9&nbsp;2025, tenus \u00e0 Saskatoon. Margo Erlam, qui s\u2019entra\u00eene \u00e0 Saskatoon, est mont\u00e9e sur la plus haute marche du podium apr\u00e8s avoir domin\u00e9 la finale du tremplin de 3&nbsp;m\u00e8tres avec un pointage de [&hellip;]\" \/>\n<meta property=\"og:url\" content=\"https:\/\/www.csc-sask.ca\/weekly-roundup-may-21-27\/\" \/>\n<meta property=\"og:site_name\" content=\"Canadian Sport Centre Saskatchewan\" \/>\n<meta property=\"article:published_time\" content=\"2025-08-21T22:14:24+00:00\" \/>\n<meta property=\"article:modified_time\" content=\"2025-08-21T22:14:25+00:00\" \/>\n<meta property=\"og:image\" content=\"https:\/\/www.csc-sask.ca\/wp-content\/uploads\/2025\/05\/Weekly-Roundup-Facebook-Web-52.png\" \/>\n\t<meta property=\"og:image:width\" content=\"1200\" \/>\n\t<meta property=\"og:image:height\" content=\"628\" \/>\n\t<meta property=\"og:image:type\" content=\"image\/png\" \/>\n<meta name=\"author\" content=\"Katherine Peterson\" \/>\n<meta name=\"twitter:card\" content=\"summary_large_image\" \/>\n<meta name=\"twitter:label1\" content=\"\u00c9crit par\" \/>\n\t<meta name=\"twitter:data1\" content=\"Katherine Peterson\" \/>\n\t<meta name=\"twitter:label2\" content=\"Dur\u00e9e de lecture estim\u00e9e\" \/>\n\t<meta name=\"twitter:data2\" content=\"2 minutes\" \/>\n<script type=\"application\/ld+json\" class=\"yoast-schema-graph\">{\"@context\":\"https:\\\/\\\/schema.org\",\"@graph\":[{\"@type\":\"Article\",\"@id\":\"https:\\\/\\\/www.csc-sask.ca\\\/weekly-roundup-may-21-27\\\/#article\",\"isPartOf\":{\"@id\":\"https:\\\/\\\/www.csc-sask.ca\\\/weekly-roundup-may-21-27\\\/\"},\"author\":{\"name\":\"Katherine Peterson\",\"@id\":\"https:\\\/\\\/www.csc-sask.ca\\\/fr\\\/#\\\/schema\\\/person\\\/6e06e2a8335ee926b74b2655c32bdc2c\"},\"headline\":\"R\u00e9sum\u00e9 hebdomadaire \u2013 21 au 27\u00a0mai\",\"datePublished\":\"2025-08-21T22:14:24+00:00\",\"dateModified\":\"2025-08-21T22:14:25+00:00\",\"mainEntityOfPage\":{\"@id\":\"https:\\\/\\\/www.csc-sask.ca\\\/weekly-roundup-may-21-27\\\/\"},\"wordCount\":464,\"image\":{\"@id\":\"https:\\\/\\\/www.csc-sask.ca\\\/weekly-roundup-may-21-27\\\/#primaryimage\"},\"thumbnailUrl\":\"https:\\\/\\\/www.csc-sask.ca\\\/wp-content\\\/uploads\\\/2025\\\/05\\\/Weekly-Roundup-Facebook-Web-52.png\",\"articleSection\":[\"R\u00e9sum\u00e9 hebdomadaire\"],\"inLanguage\":\"fr-FR\"},{\"@type\":\"WebPage\",\"@id\":\"https:\\\/\\\/www.csc-sask.ca\\\/weekly-roundup-may-21-27\\\/\",\"url\":\"https:\\\/\\\/www.csc-sask.ca\\\/weekly-roundup-may-21-27\\\/\",\"name\":\"R\u00e9sum\u00e9 hebdomadaire \u2013 21 au 27\u00a0mai - Canadian Sport Centre Saskatchewan\",\"isPartOf\":{\"@id\":\"https:\\\/\\\/www.csc-sask.ca\\\/fr\\\/#website\"},\"primaryImageOfPage\":{\"@id\":\"https:\\\/\\\/www.csc-sask.ca\\\/weekly-roundup-may-21-27\\\/#primaryimage\"},\"image\":{\"@id\":\"https:\\\/\\\/www.csc-sask.ca\\\/weekly-roundup-may-21-27\\\/#primaryimage\"},\"thumbnailUrl\":\"https:\\\/\\\/www.csc-sask.ca\\\/wp-content\\\/uploads\\\/2025\\\/05\\\/Weekly-Roundup-Facebook-Web-52.png\",\"datePublished\":\"2025-08-21T22:14:24+00:00\",\"dateModified\":\"2025-08-21T22:14:25+00:00\",\"author\":{\"@id\":\"https:\\\/\\\/www.csc-sask.ca\\\/fr\\\/#\\\/schema\\\/person\\\/6e06e2a8335ee926b74b2655c32bdc2c\"},\"breadcrumb\":{\"@id\":\"https:\\\/\\\/www.csc-sask.ca\\\/weekly-roundup-may-21-27\\\/#breadcrumb\"},\"inLanguage\":\"fr-FR\",\"potentialAction\":[{\"@type\":\"ReadAction\",\"target\":[\"https:\\\/\\\/www.csc-sask.ca\\\/weekly-roundup-may-21-27\\\/\"]}]},{\"@type\":\"ImageObject\",\"inLanguage\":\"fr-FR\",\"@id\":\"https:\\\/\\\/www.csc-sask.ca\\\/weekly-roundup-may-21-27\\\/#primaryimage\",\"url\":\"https:\\\/\\\/www.csc-sask.ca\\\/wp-content\\\/uploads\\\/2025\\\/05\\\/Weekly-Roundup-Facebook-Web-52.png\",\"contentUrl\":\"https:\\\/\\\/www.csc-sask.ca\\\/wp-content\\\/uploads\\\/2025\\\/05\\\/Weekly-Roundup-Facebook-Web-52.png\",\"width\":1200,\"height\":628},{\"@type\":\"BreadcrumbList\",\"@id\":\"https:\\\/\\\/www.csc-sask.ca\\\/weekly-roundup-may-21-27\\\/#breadcrumb\",\"itemListElement\":[{\"@type\":\"ListItem\",\"position\":1,\"name\":\"Home\",\"item\":\"https:\\\/\\\/www.csc-sask.ca\\\/fr\\\/\"},{\"@type\":\"ListItem\",\"position\":2,\"name\":\"R\u00e9sum\u00e9 hebdomadaire \u2013 21 au 27\u00a0mai\"}]},{\"@type\":\"WebSite\",\"@id\":\"https:\\\/\\\/www.csc-sask.ca\\\/fr\\\/#website\",\"url\":\"https:\\\/\\\/www.csc-sask.ca\\\/fr\\\/\",\"name\":\"Canadian Sport Centre Saskatchewan\",\"description\":\"\",\"potentialAction\":[{\"@type\":\"SearchAction\",\"target\":{\"@type\":\"EntryPoint\",\"urlTemplate\":\"https:\\\/\\\/www.csc-sask.ca\\\/fr\\\/?s={search_term_string}\"},\"query-input\":{\"@type\":\"PropertyValueSpecification\",\"valueRequired\":true,\"valueName\":\"search_term_string\"}}],\"inLanguage\":\"fr-FR\"},{\"@type\":\"Person\",\"@id\":\"https:\\\/\\\/www.csc-sask.ca\\\/fr\\\/#\\\/schema\\\/person\\\/6e06e2a8335ee926b74b2655c32bdc2c\",\"name\":\"Katherine Peterson\",\"image\":{\"@type\":\"ImageObject\",\"inLanguage\":\"fr-FR\",\"@id\":\"https:\\\/\\\/secure.gravatar.com\\\/avatar\\\/23c132f5b83100ab8f1761036bfb1db527ce10af5049fc8988aab98c64268e8b?s=96&d=mm&r=g\",\"url\":\"https:\\\/\\\/secure.gravatar.com\\\/avatar\\\/23c132f5b83100ab8f1761036bfb1db527ce10af5049fc8988aab98c64268e8b?s=96&d=mm&r=g\",\"contentUrl\":\"https:\\\/\\\/secure.gravatar.com\\\/avatar\\\/23c132f5b83100ab8f1761036bfb1db527ce10af5049fc8988aab98c64268e8b?s=96&d=mm&r=g\",\"caption\":\"Katherine Peterson\"},\"url\":\"https:\\\/\\\/www.csc-sask.sasksport.ca\\\/fr\\\/author\\\/katherinecscs\\\/\"}]}<\/script>\n<!-- \/ Yoast SEO plugin. -->","yoast_head_json":{"title":"R\u00e9sum\u00e9 hebdomadaire \u2013 21 au 27\u00a0mai - Canadian Sport Centre Saskatchewan","robots":{"index":"index","follow":"follow","max-snippet":"max-snippet:-1","max-image-preview":"max-image-preview:large","max-video-preview":"max-video-preview:-1"},"canonical":"https:\/\/www.csc-sask.ca\/weekly-roundup-may-21-27\/","og_locale":"fr_FR","og_type":"article","og_title":"R\u00e9sum\u00e9 hebdomadaire \u2013 21 au 27\u00a0mai - Canadian Sport Centre Saskatchewan","og_description":"Quatre plongeurs de la Saskatchewan aux championnats nationaux Quatre plongeurs de la Saskatchewan ont pris part, du 23 au 25&nbsp;mai, aux Championnats nationaux d\u2019\u00e9t\u00e9&nbsp;2025, tenus \u00e0 Saskatoon. Margo Erlam, qui s\u2019entra\u00eene \u00e0 Saskatoon, est mont\u00e9e sur la plus haute marche du podium apr\u00e8s avoir domin\u00e9 la finale du tremplin de 3&nbsp;m\u00e8tres avec un pointage de [&hellip;]","og_url":"https:\/\/www.csc-sask.ca\/weekly-roundup-may-21-27\/","og_site_name":"Canadian Sport Centre Saskatchewan","article_published_time":"2025-08-21T22:14:24+00:00","article_modified_time":"2025-08-21T22:14:25+00:00","og_image":[{"width":1200,"height":628,"url":"https:\/\/www.csc-sask.ca\/wp-content\/uploads\/2025\/05\/Weekly-Roundup-Facebook-Web-52.png","type":"image\/png"}],"author":"Katherine Peterson","twitter_card":"summary_large_image","twitter_misc":{"\u00c9crit par":"Katherine Peterson","Dur\u00e9e de lecture estim\u00e9e":"2 minutes"},"schema":{"@context":"https:\/\/schema.org","@graph":[{"@type":"Article","@id":"https:\/\/www.csc-sask.ca\/weekly-roundup-may-21-27\/#article","isPartOf":{"@id":"https:\/\/www.csc-sask.ca\/weekly-roundup-may-21-27\/"},"author":{"name":"Katherine Peterson","@id":"https:\/\/www.csc-sask.ca\/fr\/#\/schema\/person\/6e06e2a8335ee926b74b2655c32bdc2c"},"headline":"R\u00e9sum\u00e9 hebdomadaire \u2013 21 au 27\u00a0mai","datePublished":"2025-08-21T22:14:24+00:00","dateModified":"2025-08-21T22:14:25+00:00","mainEntityOfPage":{"@id":"https:\/\/www.csc-sask.ca\/weekly-roundup-may-21-27\/"},"wordCount":464,"image":{"@id":"https:\/\/www.csc-sask.ca\/weekly-roundup-may-21-27\/#primaryimage"},"thumbnailUrl":"https:\/\/www.csc-sask.ca\/wp-content\/uploads\/2025\/05\/Weekly-Roundup-Facebook-Web-52.png","articleSection":["R\u00e9sum\u00e9 hebdomadaire"],"inLanguage":"fr-FR"},{"@type":"WebPage","@id":"https:\/\/www.csc-sask.ca\/weekly-roundup-may-21-27\/","url":"https:\/\/www.csc-sask.ca\/weekly-roundup-may-21-27\/","name":"R\u00e9sum\u00e9 hebdomadaire \u2013 21 au 27\u00a0mai - Canadian Sport Centre Saskatchewan","isPartOf":{"@id":"https:\/\/www.csc-sask.ca\/fr\/#website"},"primaryImageOfPage":{"@id":"https:\/\/www.csc-sask.ca\/weekly-roundup-may-21-27\/#primaryimage"},"image":{"@id":"https:\/\/www.csc-sask.ca\/weekly-roundup-may-21-27\/#primaryimage"},"thumbnailUrl":"https:\/\/www.csc-sask.ca\/wp-content\/uploads\/2025\/05\/Weekly-Roundup-Facebook-Web-52.png","datePublished":"2025-08-21T22:14:24+00:00","dateModified":"2025-08-21T22:14:25+00:00","author":{"@id":"https:\/\/www.csc-sask.ca\/fr\/#\/schema\/person\/6e06e2a8335ee926b74b2655c32bdc2c"},"breadcrumb":{"@id":"https:\/\/www.csc-sask.ca\/weekly-roundup-may-21-27\/#breadcrumb"},"inLanguage":"fr-FR","potentialAction":[{"@type":"ReadAction","target":["https:\/\/www.csc-sask.ca\/weekly-roundup-may-21-27\/"]}]},{"@type":"ImageObject","inLanguage":"fr-FR","@id":"https:\/\/www.csc-sask.ca\/weekly-roundup-may-21-27\/#primaryimage","url":"https:\/\/www.csc-sask.ca\/wp-content\/uploads\/2025\/05\/Weekly-Roundup-Facebook-Web-52.png","contentUrl":"https:\/\/www.csc-sask.ca\/wp-content\/uploads\/2025\/05\/Weekly-Roundup-Facebook-Web-52.png","width":1200,"height":628},{"@type":"BreadcrumbList","@id":"https:\/\/www.csc-sask.ca\/weekly-roundup-may-21-27\/#breadcrumb","itemListElement":[{"@type":"ListItem","position":1,"name":"Home","item":"https:\/\/www.csc-sask.ca\/fr\/"},{"@type":"ListItem","position":2,"name":"R\u00e9sum\u00e9 hebdomadaire \u2013 21 au 27\u00a0mai"}]},{"@type":"WebSite","@id":"https:\/\/www.csc-sask.ca\/fr\/#website","url":"https:\/\/www.csc-sask.ca\/fr\/","name":"Canadian Sport Centre Saskatchewan","description":"","potentialAction":[{"@type":"SearchAction","target":{"@type":"EntryPoint","urlTemplate":"https:\/\/www.csc-sask.ca\/fr\/?s={search_term_string}"},"query-input":{"@type":"PropertyValueSpecification","valueRequired":true,"valueName":"search_term_string"}}],"inLanguage":"fr-FR"},{"@type":"Person","@id":"https:\/\/www.csc-sask.ca\/fr\/#\/schema\/person\/6e06e2a8335ee926b74b2655c32bdc2c","name":"Katherine Peterson","image":{"@type":"ImageObject","inLanguage":"fr-FR","@id":"https:\/\/secure.gravatar.com\/avatar\/23c132f5b83100ab8f1761036bfb1db527ce10af5049fc8988aab98c64268e8b?s=96&d=mm&r=g","url":"https:\/\/secure.gravatar.com\/avatar\/23c132f5b83100ab8f1761036bfb1db527ce10af5049fc8988aab98c64268e8b?s=96&d=mm&r=g","contentUrl":"https:\/\/secure.gravatar.com\/avatar\/23c132f5b83100ab8f1761036bfb1db527ce10af5049fc8988aab98c64268e8b?s=96&d=mm&r=g","caption":"Katherine Peterson"},"url":"https:\/\/www.csc-sask.sasksport.ca\/fr\/author\/katherinecscs\/"}]}},"_links":{"self":[{"href":"https:\/\/www.csc-sask.sasksport.ca\/fr\/wp-json\/wp\/v2\/posts\/5900","targetHints":{"allow":["GET"]}}],"collection":[{"href":"https:\/\/www.csc-sask.sasksport.ca\/fr\/wp-json\/wp\/v2\/posts"}],"about":[{"href":"https:\/\/www.csc-sask.sasksport.ca\/fr\/wp-json\/wp\/v2\/types\/post"}],"author":[{"embeddable":true,"href":"https:\/\/www.csc-sask.sasksport.ca\/fr\/wp-json\/wp\/v2\/users\/9"}],"replies":[{"embeddable":true,"href":"https:\/\/www.csc-sask.sasksport.ca\/fr\/wp-json\/wp\/v2\/comments?post=5900"}],"version-history":[{"count":1,"href":"https:\/\/www.csc-sask.sasksport.ca\/fr\/wp-json\/wp\/v2\/posts\/5900\/revisions"}],"predecessor-version":[{"id":5901,"href":"https:\/\/www.csc-sask.sasksport.ca\/fr\/wp-json\/wp\/v2\/posts\/5900\/revisions\/5901"}],"wp:featuredmedia":[{"embeddable":true,"href":"https:\/\/www.csc-sask.sasksport.ca\/fr\/wp-json\/wp\/v2\/media\/5723"}],"wp:attachment":[{"href":"https:\/\/www.csc-sask.sasksport.ca\/fr\/wp-json\/wp\/v2\/media?parent=5900"}],"wp:term":[{"taxonomy":"category","embeddable":true,"href":"https:\/\/www.csc-sask.sasksport.ca\/fr\/wp-json\/wp\/v2\/categories?post=5900"},{"taxonomy":"post_tag","embeddable":true,"href":"https:\/\/www.csc-sask.sasksport.ca\/fr\/wp-json\/wp\/v2\/tags?post=5900"}],"curies":[{"name":"wp","href":"https:\/\/api.w.org\/{rel}","templated":true}]}}