{"id":2232,"date":"2021-07-17T09:57:00","date_gmt":"2021-07-17T15:57:00","guid":{"rendered":"https:\/\/www.csc-sask.ca\/?p=2232"},"modified":"2021-11-09T09:59:04","modified_gmt":"2021-11-09T15:59:04","slug":"resume-hebdomadaire-du-30-juin-au-13-juillet","status":"publish","type":"post","link":"https:\/\/www.csc-sask.sasksport.ca\/fr\/resume-hebdomadaire-du-30-juin-au-13-juillet\/","title":{"rendered":"R\u00c9SUM\u00c9 HEBDOMADAIRE DU 30 JUIN AU 13 JUILLET"},"content":{"rendered":"\n<p><strong>Keely&nbsp;Shaw s\u2019assure une place aux Jeux paralympiques<\/strong><\/p>\n\n\n\n<p>Keely&nbsp;Shaw de Midale fera ses d\u00e9buts aux Jeux paralympiques \u00e0 Tokyo apr\u00e8s avoir \u00e9t\u00e9 nomm\u00e9e au sein de l\u2019\u00e9quipe canadienne de paracyclisme C4.&nbsp;<\/p>\n\n\n\n<p>Keely fait partie de l\u2019\u00e9quipe canadienne depuis quatre ans. Elle a remport\u00e9 une m\u00e9daille d\u2019argent lors de sa premi\u00e8re participation aux Championnats du monde de paracyclisme en&nbsp;2019.&nbsp;<\/p>\n\n\n\n<p>Pour en savoir plus, consultez le site Paralympique.ca.<\/p>\n\n\n\n<p><strong>Ryan&nbsp;Rousell nomm\u00e9 au sein de l\u2019\u00e9quipe d\u2019escrime en fauteuil roulant<\/strong><\/p>\n\n\n\n<p>Ryan&nbsp;Rousell d\u2019Asquith est l\u2019un des quatre escrimeurs en fauteuil roulant nomm\u00e9s pour participer aux Jeux paralympiques de Tokyo en ao\u00fbt.&nbsp;&nbsp;<\/p>\n\n\n\n<p>Ryan fait partie du plus grand groupe d\u2019escrimeurs paralympiques envoy\u00e9s aux Jeux par le Canada et il se classe actuellement au 15<sup>e<\/sup>&nbsp;rang mondial pour l\u2019\u00e9preuve masculine de sabre dans la cat\u00e9gorie&nbsp;A. Il participera aussi \u00e0 l\u2019\u00e9preuve de l\u2019\u00e9p\u00e9e.&nbsp;<\/p>\n\n\n\n<p>\u00ab&nbsp;Je suis tr\u00e8s enthousiaste et fier d\u2019aller enfin \u00e0 Tokyo!&nbsp;\u00bb s\u2019est exclam\u00e9 Ryan. \u00ab&nbsp;Il s\u2019agit de mes premiers Jeux paralympiques, et j\u2019ai h\u00e2te de vivre l\u2019exp\u00e9rience des jeux au sein d\u2019\u00c9quipe&nbsp;Canada. Merci \u00e0 ma famille et \u00e0 mes entra\u00eeneurs qui m\u2019ont aid\u00e9 \u00e0 atteindre ce but.&nbsp;\u00bb&nbsp;<\/p>\n\n\n\n<p>Lynn&nbsp;Sequin de Saskatoon accompagnera \u00e9galement l\u2019\u00e9quipe canadienne \u00e0 titre de chef d\u2019\u00e9quipe.&nbsp;<\/p>\n\n\n\n<p>Les comp\u00e9titions d\u2019escrime en fauteuil roulant auront lieu du&nbsp;25 au 29&nbsp;ao\u00fbt \u00e0 Tokyo. \u202f&nbsp;<\/p>\n\n\n\n<p>Pour en savoir plus, consultez le site Paralympique.ca.<\/p>\n\n\n\n<p><strong>Le tirage Team&nbsp;Canada 50\/50 est lanc\u00e9<\/strong><\/p>\n\n\n\n<p>Le tirage Team&nbsp;Canada&nbsp;50\/50 a \u00e9t\u00e9 cr\u00e9\u00e9 pour aider les athl\u00e8tes de partout au pays.<\/p>\n\n\n\n<p>Pendant les Jeux olympiques, le produit net est investi dans le syst\u00e8me sportif de haute performance de la Saskatchewan.<\/p>\n\n\n\n<p>Pour en savoir plus<\/p>\n\n\n\n<p><strong>Ava&nbsp;Metzger est invit\u00e9e au camp d\u2019\u00e9t\u00e9 des M18 de Hockey&nbsp;Canada<\/strong><\/p>\n\n\n\n<p>Ava&nbsp;Metzger de Moosomin figurait parmi les 46&nbsp;athl\u00e8tes invit\u00e9s au camp d\u2019\u00e9t\u00e9 des moins de 18&nbsp;ans de Hockey&nbsp;Canada. Elle est la seule athl\u00e8te de la Saskatchewan.<\/p>\n\n\n\n<p>Jason&nbsp;Weber, pr\u00e9parateur physique de la Saskatchewan, participera \u00e9galement au camp.<\/p>\n\n\n\n<p>Pour en savoir plus, consultez le site hockeycanada.ca<\/p>\n\n\n\n<p><strong>Thomas&nbsp;Markewich termine sixi\u00e8me aux Championnats d\u2019aviron des M23<\/strong><\/p>\n\n\n\n<p>Le rameur Thomas&nbsp;Markewich de la Saskatchewan et son co\u00e9quipier Samuel&nbsp;Weinstein&nbsp;Zimbel ont termin\u00e9 \u00e0 la sixi\u00e8me place \u00e0 l\u2019\u00e9preuve double masculine poids l\u00e9ger aux Championnats d\u2019aviron pour les moins de 23&nbsp;ans.<\/p>\n\n\n\n<p>Le duo a termin\u00e9 \u00e0 la cinqui\u00e8me place dans le feu de l\u2019action, \u00e0 la troisi\u00e8me place au rep\u00eachage, \u00e0 la sixi\u00e8me place aux demi-finales A\/B, puis sixi\u00e8me \u00e0 la finale.<\/p>\n\n\n\n<p>Pour en savoir plus, consultez le site rowingcanada.org<\/p>\n","protected":false},"excerpt":{"rendered":"<p>Keely&nbsp;Shaw s\u2019assure une place aux Jeux paralympiques Keely&nbsp;Shaw de Midale fera ses d\u00e9buts aux Jeux paralympiques \u00e0 Tokyo apr\u00e8s avoir \u00e9t\u00e9 nomm\u00e9e au sein de l\u2019\u00e9quipe canadienne de paracyclisme C4.&nbsp; Keely fait partie de l\u2019\u00e9quipe canadienne depuis quatre ans. Elle a remport\u00e9 une m\u00e9daille d\u2019argent lors de sa premi\u00e8re participation aux Championnats du monde de [&hellip;]<\/p>\n","protected":false},"author":3,"featured_media":1883,"comment_status":"closed","ping_status":"open","sticky":false,"template":"","format":"standard","meta":{"_acf_changed":false,"footnotes":""},"categories":[3],"tags":[279,277,278,280],"class_list":["post-2232","post","type-post","status-publish","format-standard","has-post-thumbnail","hentry","category-non-classifiee","tag-ava-metzger-2","tag-keely-shaw-2","tag-ryan-rousell-2","tag-thomas-markewich-2"],"acf":[],"yoast_head":"<!-- This site is optimized with the Yoast SEO plugin v27.4 - https:\/\/yoast.com\/product\/yoast-seo-wordpress\/ -->\n<title>R\u00c9SUM\u00c9 HEBDOMADAIRE DU 30 JUIN AU 13 JUILLET - Canadian Sport Centre Saskatchewan<\/title>\n<meta name=\"robots\" content=\"index, follow, max-snippet:-1, max-image-preview:large, max-video-preview:-1\" \/>\n<link rel=\"canonical\" href=\"https:\/\/www.csc-sask.sasksport.ca\/weekly-roundup-june-30-to-july-13\/\" \/>\n<meta property=\"og:locale\" content=\"fr_FR\" \/>\n<meta property=\"og:type\" content=\"article\" \/>\n<meta property=\"og:title\" content=\"R\u00c9SUM\u00c9 HEBDOMADAIRE DU 30 JUIN AU 13 JUILLET - Canadian Sport Centre Saskatchewan\" \/>\n<meta property=\"og:description\" content=\"Keely&nbsp;Shaw s\u2019assure une place aux Jeux paralympiques Keely&nbsp;Shaw de Midale fera ses d\u00e9buts aux Jeux paralympiques \u00e0 Tokyo apr\u00e8s avoir \u00e9t\u00e9 nomm\u00e9e au sein de l\u2019\u00e9quipe canadienne de paracyclisme C4.&nbsp; Keely fait partie de l\u2019\u00e9quipe canadienne depuis quatre ans. Elle a remport\u00e9 une m\u00e9daille d\u2019argent lors de sa premi\u00e8re participation aux Championnats du monde de [&hellip;]\" \/>\n<meta property=\"og:url\" content=\"https:\/\/www.csc-sask.sasksport.ca\/weekly-roundup-june-30-to-july-13\/\" \/>\n<meta property=\"og:site_name\" content=\"Canadian Sport Centre Saskatchewan\" \/>\n<meta property=\"article:published_time\" content=\"2021-07-17T15:57:00+00:00\" \/>\n<meta property=\"article:modified_time\" content=\"2021-11-09T15:59:04+00:00\" \/>\n<meta property=\"og:image\" content=\"https:\/\/www.csc-sask.ca\/wp-content\/uploads\/2021\/04\/210329-CSCS-Round-Up-Post-1.jpg\" \/>\n\t<meta property=\"og:image:width\" content=\"2000\" \/>\n\t<meta property=\"og:image:height\" content=\"1500\" \/>\n\t<meta property=\"og:image:type\" content=\"image\/jpeg\" \/>\n<meta name=\"author\" content=\"Jaime Lammerding\" \/>\n<meta name=\"twitter:card\" content=\"summary_large_image\" \/>\n<meta name=\"twitter:label1\" content=\"\u00c9crit par\" \/>\n\t<meta name=\"twitter:data1\" content=\"Jaime Lammerding\" \/>\n\t<meta name=\"twitter:label2\" content=\"Dur\u00e9e de lecture estim\u00e9e\" \/>\n\t<meta name=\"twitter:data2\" content=\"2 minutes\" \/>\n<script type=\"application\/ld+json\" class=\"yoast-schema-graph\">{\"@context\":\"https:\\\/\\\/schema.org\",\"@graph\":[{\"@type\":\"Article\",\"@id\":\"https:\\\/\\\/www.csc-sask.sasksport.ca\\\/weekly-roundup-june-30-to-july-13\\\/#article\",\"isPartOf\":{\"@id\":\"https:\\\/\\\/www.csc-sask.sasksport.ca\\\/weekly-roundup-june-30-to-july-13\\\/\"},\"author\":{\"name\":\"Jaime Lammerding\",\"@id\":\"https:\\\/\\\/www.csc-sask.sasksport.ca\\\/#\\\/schema\\\/person\\\/6bd5f36043a415e94e6b666809b484c3\"},\"headline\":\"R\u00c9SUM\u00c9 HEBDOMADAIRE DU 30 JUIN AU 13 JUILLET\",\"datePublished\":\"2021-07-17T15:57:00+00:00\",\"dateModified\":\"2021-11-09T15:59:04+00:00\",\"mainEntityOfPage\":{\"@id\":\"https:\\\/\\\/www.csc-sask.sasksport.ca\\\/weekly-roundup-june-30-to-july-13\\\/\"},\"wordCount\":499,\"image\":{\"@id\":\"https:\\\/\\\/www.csc-sask.sasksport.ca\\\/weekly-roundup-june-30-to-july-13\\\/#primaryimage\"},\"thumbnailUrl\":\"https:\\\/\\\/www.csc-sask.ca\\\/wp-content\\\/uploads\\\/2021\\\/04\\\/210329-CSCS-Round-Up-Post-1.jpg\",\"keywords\":[\"Ava Metzger\",\"Keely Shaw\",\"Ryan Rousell\",\"Thomas Markewich\"],\"articleSection\":[\"Non classifi\u00e9(e)\"],\"inLanguage\":\"fr-FR\"},{\"@type\":\"WebPage\",\"@id\":\"https:\\\/\\\/www.csc-sask.sasksport.ca\\\/weekly-roundup-june-30-to-july-13\\\/\",\"url\":\"https:\\\/\\\/www.csc-sask.sasksport.ca\\\/weekly-roundup-june-30-to-july-13\\\/\",\"name\":\"R\u00c9SUM\u00c9 HEBDOMADAIRE DU 30 JUIN AU 13 JUILLET - Canadian Sport Centre Saskatchewan\",\"isPartOf\":{\"@id\":\"https:\\\/\\\/www.csc-sask.sasksport.ca\\\/#website\"},\"primaryImageOfPage\":{\"@id\":\"https:\\\/\\\/www.csc-sask.sasksport.ca\\\/weekly-roundup-june-30-to-july-13\\\/#primaryimage\"},\"image\":{\"@id\":\"https:\\\/\\\/www.csc-sask.sasksport.ca\\\/weekly-roundup-june-30-to-july-13\\\/#primaryimage\"},\"thumbnailUrl\":\"https:\\\/\\\/www.csc-sask.ca\\\/wp-content\\\/uploads\\\/2021\\\/04\\\/210329-CSCS-Round-Up-Post-1.jpg\",\"datePublished\":\"2021-07-17T15:57:00+00:00\",\"dateModified\":\"2021-11-09T15:59:04+00:00\",\"author\":{\"@id\":\"https:\\\/\\\/www.csc-sask.sasksport.ca\\\/#\\\/schema\\\/person\\\/6bd5f36043a415e94e6b666809b484c3\"},\"breadcrumb\":{\"@id\":\"https:\\\/\\\/www.csc-sask.sasksport.ca\\\/weekly-roundup-june-30-to-july-13\\\/#breadcrumb\"},\"inLanguage\":\"fr-FR\",\"potentialAction\":[{\"@type\":\"ReadAction\",\"target\":[\"https:\\\/\\\/www.csc-sask.sasksport.ca\\\/weekly-roundup-june-30-to-july-13\\\/\"]}]},{\"@type\":\"ImageObject\",\"inLanguage\":\"fr-FR\",\"@id\":\"https:\\\/\\\/www.csc-sask.sasksport.ca\\\/weekly-roundup-june-30-to-july-13\\\/#primaryimage\",\"url\":\"https:\\\/\\\/www.csc-sask.ca\\\/wp-content\\\/uploads\\\/2021\\\/04\\\/210329-CSCS-Round-Up-Post-1.jpg\",\"contentUrl\":\"https:\\\/\\\/www.csc-sask.ca\\\/wp-content\\\/uploads\\\/2021\\\/04\\\/210329-CSCS-Round-Up-Post-1.jpg\",\"width\":2000,\"height\":1500},{\"@type\":\"BreadcrumbList\",\"@id\":\"https:\\\/\\\/www.csc-sask.sasksport.ca\\\/weekly-roundup-june-30-to-july-13\\\/#breadcrumb\",\"itemListElement\":[{\"@type\":\"ListItem\",\"position\":1,\"name\":\"Home\",\"item\":\"https:\\\/\\\/www.csc-sask.ca\\\/fr\\\/\"},{\"@type\":\"ListItem\",\"position\":2,\"name\":\"R\u00c9SUM\u00c9 HEBDOMADAIRE DU 30 JUIN AU 13 JUILLET\"}]},{\"@type\":\"WebSite\",\"@id\":\"https:\\\/\\\/www.csc-sask.sasksport.ca\\\/#website\",\"url\":\"https:\\\/\\\/www.csc-sask.sasksport.ca\\\/\",\"name\":\"Canadian Sport Centre Saskatchewan\",\"description\":\"\",\"potentialAction\":[{\"@type\":\"SearchAction\",\"target\":{\"@type\":\"EntryPoint\",\"urlTemplate\":\"https:\\\/\\\/www.csc-sask.sasksport.ca\\\/?s={search_term_string}\"},\"query-input\":{\"@type\":\"PropertyValueSpecification\",\"valueRequired\":true,\"valueName\":\"search_term_string\"}}],\"inLanguage\":\"fr-FR\"},{\"@type\":\"Person\",\"@id\":\"https:\\\/\\\/www.csc-sask.sasksport.ca\\\/#\\\/schema\\\/person\\\/6bd5f36043a415e94e6b666809b484c3\",\"name\":\"Jaime Lammerding\",\"image\":{\"@type\":\"ImageObject\",\"inLanguage\":\"fr-FR\",\"@id\":\"https:\\\/\\\/secure.gravatar.com\\\/avatar\\\/7c635994dda06c589226c6ff91a8b67d006bcc7c4217113bc1e34e35c8d6ef51?s=96&d=mm&r=g\",\"url\":\"https:\\\/\\\/secure.gravatar.com\\\/avatar\\\/7c635994dda06c589226c6ff91a8b67d006bcc7c4217113bc1e34e35c8d6ef51?s=96&d=mm&r=g\",\"contentUrl\":\"https:\\\/\\\/secure.gravatar.com\\\/avatar\\\/7c635994dda06c589226c6ff91a8b67d006bcc7c4217113bc1e34e35c8d6ef51?s=96&d=mm&r=g\",\"caption\":\"Jaime Lammerding\"},\"url\":\"https:\\\/\\\/www.csc-sask.sasksport.ca\\\/fr\\\/author\\\/jaimecscs\\\/\"}]}<\/script>\n<!-- \/ Yoast SEO plugin. -->","yoast_head_json":{"title":"R\u00c9SUM\u00c9 HEBDOMADAIRE DU 30 JUIN AU 13 JUILLET - Canadian Sport Centre Saskatchewan","robots":{"index":"index","follow":"follow","max-snippet":"max-snippet:-1","max-image-preview":"max-image-preview:large","max-video-preview":"max-video-preview:-1"},"canonical":"https:\/\/www.csc-sask.sasksport.ca\/weekly-roundup-june-30-to-july-13\/","og_locale":"fr_FR","og_type":"article","og_title":"R\u00c9SUM\u00c9 HEBDOMADAIRE DU 30 JUIN AU 13 JUILLET - Canadian Sport Centre Saskatchewan","og_description":"Keely&nbsp;Shaw s\u2019assure une place aux Jeux paralympiques Keely&nbsp;Shaw de Midale fera ses d\u00e9buts aux Jeux paralympiques \u00e0 Tokyo apr\u00e8s avoir \u00e9t\u00e9 nomm\u00e9e au sein de l\u2019\u00e9quipe canadienne de paracyclisme C4.&nbsp; Keely fait partie de l\u2019\u00e9quipe canadienne depuis quatre ans. Elle a remport\u00e9 une m\u00e9daille d\u2019argent lors de sa premi\u00e8re participation aux Championnats du monde de [&hellip;]","og_url":"https:\/\/www.csc-sask.sasksport.ca\/weekly-roundup-june-30-to-july-13\/","og_site_name":"Canadian Sport Centre Saskatchewan","article_published_time":"2021-07-17T15:57:00+00:00","article_modified_time":"2021-11-09T15:59:04+00:00","og_image":[{"width":2000,"height":1500,"url":"https:\/\/www.csc-sask.ca\/wp-content\/uploads\/2021\/04\/210329-CSCS-Round-Up-Post-1.jpg","type":"image\/jpeg"}],"author":"Jaime Lammerding","twitter_card":"summary_large_image","twitter_misc":{"\u00c9crit par":"Jaime Lammerding","Dur\u00e9e de lecture estim\u00e9e":"2 minutes"},"schema":{"@context":"https:\/\/schema.org","@graph":[{"@type":"Article","@id":"https:\/\/www.csc-sask.sasksport.ca\/weekly-roundup-june-30-to-july-13\/#article","isPartOf":{"@id":"https:\/\/www.csc-sask.sasksport.ca\/weekly-roundup-june-30-to-july-13\/"},"author":{"name":"Jaime Lammerding","@id":"https:\/\/www.csc-sask.sasksport.ca\/#\/schema\/person\/6bd5f36043a415e94e6b666809b484c3"},"headline":"R\u00c9SUM\u00c9 HEBDOMADAIRE DU 30 JUIN AU 13 JUILLET","datePublished":"2021-07-17T15:57:00+00:00","dateModified":"2021-11-09T15:59:04+00:00","mainEntityOfPage":{"@id":"https:\/\/www.csc-sask.sasksport.ca\/weekly-roundup-june-30-to-july-13\/"},"wordCount":499,"image":{"@id":"https:\/\/www.csc-sask.sasksport.ca\/weekly-roundup-june-30-to-july-13\/#primaryimage"},"thumbnailUrl":"https:\/\/www.csc-sask.ca\/wp-content\/uploads\/2021\/04\/210329-CSCS-Round-Up-Post-1.jpg","keywords":["Ava Metzger","Keely Shaw","Ryan Rousell","Thomas Markewich"],"articleSection":["Non classifi\u00e9(e)"],"inLanguage":"fr-FR"},{"@type":"WebPage","@id":"https:\/\/www.csc-sask.sasksport.ca\/weekly-roundup-june-30-to-july-13\/","url":"https:\/\/www.csc-sask.sasksport.ca\/weekly-roundup-june-30-to-july-13\/","name":"R\u00c9SUM\u00c9 HEBDOMADAIRE DU 30 JUIN AU 13 JUILLET - Canadian Sport Centre Saskatchewan","isPartOf":{"@id":"https:\/\/www.csc-sask.sasksport.ca\/#website"},"primaryImageOfPage":{"@id":"https:\/\/www.csc-sask.sasksport.ca\/weekly-roundup-june-30-to-july-13\/#primaryimage"},"image":{"@id":"https:\/\/www.csc-sask.sasksport.ca\/weekly-roundup-june-30-to-july-13\/#primaryimage"},"thumbnailUrl":"https:\/\/www.csc-sask.ca\/wp-content\/uploads\/2021\/04\/210329-CSCS-Round-Up-Post-1.jpg","datePublished":"2021-07-17T15:57:00+00:00","dateModified":"2021-11-09T15:59:04+00:00","author":{"@id":"https:\/\/www.csc-sask.sasksport.ca\/#\/schema\/person\/6bd5f36043a415e94e6b666809b484c3"},"breadcrumb":{"@id":"https:\/\/www.csc-sask.sasksport.ca\/weekly-roundup-june-30-to-july-13\/#breadcrumb"},"inLanguage":"fr-FR","potentialAction":[{"@type":"ReadAction","target":["https:\/\/www.csc-sask.sasksport.ca\/weekly-roundup-june-30-to-july-13\/"]}]},{"@type":"ImageObject","inLanguage":"fr-FR","@id":"https:\/\/www.csc-sask.sasksport.ca\/weekly-roundup-june-30-to-july-13\/#primaryimage","url":"https:\/\/www.csc-sask.ca\/wp-content\/uploads\/2021\/04\/210329-CSCS-Round-Up-Post-1.jpg","contentUrl":"https:\/\/www.csc-sask.ca\/wp-content\/uploads\/2021\/04\/210329-CSCS-Round-Up-Post-1.jpg","width":2000,"height":1500},{"@type":"BreadcrumbList","@id":"https:\/\/www.csc-sask.sasksport.ca\/weekly-roundup-june-30-to-july-13\/#breadcrumb","itemListElement":[{"@type":"ListItem","position":1,"name":"Home","item":"https:\/\/www.csc-sask.ca\/fr\/"},{"@type":"ListItem","position":2,"name":"R\u00c9SUM\u00c9 HEBDOMADAIRE DU 30 JUIN AU 13 JUILLET"}]},{"@type":"WebSite","@id":"https:\/\/www.csc-sask.sasksport.ca\/#website","url":"https:\/\/www.csc-sask.sasksport.ca\/","name":"Canadian Sport Centre Saskatchewan","description":"","potentialAction":[{"@type":"SearchAction","target":{"@type":"EntryPoint","urlTemplate":"https:\/\/www.csc-sask.sasksport.ca\/?s={search_term_string}"},"query-input":{"@type":"PropertyValueSpecification","valueRequired":true,"valueName":"search_term_string"}}],"inLanguage":"fr-FR"},{"@type":"Person","@id":"https:\/\/www.csc-sask.sasksport.ca\/#\/schema\/person\/6bd5f36043a415e94e6b666809b484c3","name":"Jaime Lammerding","image":{"@type":"ImageObject","inLanguage":"fr-FR","@id":"https:\/\/secure.gravatar.com\/avatar\/7c635994dda06c589226c6ff91a8b67d006bcc7c4217113bc1e34e35c8d6ef51?s=96&d=mm&r=g","url":"https:\/\/secure.gravatar.com\/avatar\/7c635994dda06c589226c6ff91a8b67d006bcc7c4217113bc1e34e35c8d6ef51?s=96&d=mm&r=g","contentUrl":"https:\/\/secure.gravatar.com\/avatar\/7c635994dda06c589226c6ff91a8b67d006bcc7c4217113bc1e34e35c8d6ef51?s=96&d=mm&r=g","caption":"Jaime Lammerding"},"url":"https:\/\/www.csc-sask.sasksport.ca\/fr\/author\/jaimecscs\/"}]}},"_links":{"self":[{"href":"https:\/\/www.csc-sask.sasksport.ca\/fr\/wp-json\/wp\/v2\/posts\/2232","targetHints":{"allow":["GET"]}}],"collection":[{"href":"https:\/\/www.csc-sask.sasksport.ca\/fr\/wp-json\/wp\/v2\/posts"}],"about":[{"href":"https:\/\/www.csc-sask.sasksport.ca\/fr\/wp-json\/wp\/v2\/types\/post"}],"author":[{"embeddable":true,"href":"https:\/\/www.csc-sask.sasksport.ca\/fr\/wp-json\/wp\/v2\/users\/3"}],"replies":[{"embeddable":true,"href":"https:\/\/www.csc-sask.sasksport.ca\/fr\/wp-json\/wp\/v2\/comments?post=2232"}],"version-history":[{"count":1,"href":"https:\/\/www.csc-sask.sasksport.ca\/fr\/wp-json\/wp\/v2\/posts\/2232\/revisions"}],"predecessor-version":[{"id":2233,"href":"https:\/\/www.csc-sask.sasksport.ca\/fr\/wp-json\/wp\/v2\/posts\/2232\/revisions\/2233"}],"wp:featuredmedia":[{"embeddable":true,"href":"https:\/\/www.csc-sask.sasksport.ca\/fr\/wp-json\/wp\/v2\/media\/1883"}],"wp:attachment":[{"href":"https:\/\/www.csc-sask.sasksport.ca\/fr\/wp-json\/wp\/v2\/media?parent=2232"}],"wp:term":[{"taxonomy":"category","embeddable":true,"href":"https:\/\/www.csc-sask.sasksport.ca\/fr\/wp-json\/wp\/v2\/categories?post=2232"},{"taxonomy":"post_tag","embeddable":true,"href":"https:\/\/www.csc-sask.sasksport.ca\/fr\/wp-json\/wp\/v2\/tags?post=2232"}],"curies":[{"name":"wp","href":"https:\/\/api.w.org\/{rel}","templated":true}]}}